{"id":2338,"date":"2014-02-08T16:26:09","date_gmt":"2014-02-08T15:26:09","guid":{"rendered":"http:\/\/www.geraldpohl.de\/wp\/?p=2338"},"modified":"2017-09-22T09:34:25","modified_gmt":"2017-09-22T07:34:25","slug":"fotografie-blog-buehne","status":"publish","type":"post","link":"https:\/\/www.geraldpohl.de\/wp\/shooting\/fotografie-blog-buehne\/","title":{"rendered":"Fotografie-Blog-B\u00fchne"},"content":{"rendered":"<p><a href=\"https:\/\/www.geraldpohl.de\/wp\/2014\/fotografie-blog-buehne\/stage\/\" rel=\"attachment wp-att-2339\"><img loading=\"lazy\" decoding=\"async\" class=\"alignleft  wp-image-2339\" src=\"https:\/\/www.geraldpohl.de\/wp\/wp-content\/uploads\/2014\/02\/fotografie-blog-buehne-4-708-300x147.jpg\" alt=\"stage\" width=\"458\" height=\"224\" srcset=\"https:\/\/www.geraldpohl.de\/wp\/wp-content\/uploads\/2014\/02\/fotografie-blog-buehne-4-708-300x147.jpg 300w, https:\/\/www.geraldpohl.de\/wp\/wp-content\/uploads\/2014\/02\/fotografie-blog-buehne-4-708-306x150.jpg 306w, https:\/\/www.geraldpohl.de\/wp\/wp-content\/uploads\/2014\/02\/fotografie-blog-buehne-4-708.jpg 708w\" sizes=\"auto, (max-width: 458px) 100vw, 458px\" \/><\/a><br \/>\nIch bin regelm\u00e4\u00dfiger Leser des Fotografie-Blogs &#8222;<a title=\"FOTOGRAFR\" href=\"http:\/\/www.fotografr.de\" target=\"_blank\">FOTOGRAFR<\/a>&#8220; von Michael Omori Kirchner. Vor ein paar Tagen startete Michael bereits zum zweiten Mal eine tolle Aktion: &#8222;Fotografie-Blog-B\u00fchne&#8220;<\/p>\n<p><a href=\"https:\/\/www.geraldpohl.de\/wp\/2013\/wenn-auf-erden-die-liebe-herrschte-waren-alle-gesetze-entbehrlich\/traumpaar-virgie-kevin\/\" rel=\"attachment wp-att-843\"><img loading=\"lazy\" decoding=\"async\" class=\"alignleft  wp-image-843\" src=\"https:\/\/www.geraldpohl.de\/wp\/wp-content\/uploads\/2013\/01\/Hochzeit-Virgie-Kevin-8157-Bearbeitet-200x300.jpg\" alt=\"Traumpaar Virgie &amp; Kevin\" width=\"149\" height=\"223\" srcset=\"https:\/\/www.geraldpohl.de\/wp\/wp-content\/uploads\/2013\/01\/Hochzeit-Virgie-Kevin-8157-Bearbeitet-200x300.jpg 200w, https:\/\/www.geraldpohl.de\/wp\/wp-content\/uploads\/2013\/01\/Hochzeit-Virgie-Kevin-8157-Bearbeitet-100x150.jpg 100w, https:\/\/www.geraldpohl.de\/wp\/wp-content\/uploads\/2013\/01\/Hochzeit-Virgie-Kevin-8157-Bearbeitet-682x1024.jpg 682w, https:\/\/www.geraldpohl.de\/wp\/wp-content\/uploads\/2013\/01\/Hochzeit-Virgie-Kevin-8157-Bearbeitet-624x935.jpg 624w, https:\/\/www.geraldpohl.de\/wp\/wp-content\/uploads\/2013\/01\/Hochzeit-Virgie-Kevin-8157-Bearbeitet.jpg 1067w\" sizes=\"auto, (max-width: 149px) 100vw, 149px\" \/><\/a>Was ist denn das? Wie funktioniert das?\u00a0 Was muss man da machen?<br \/>\nes darum seinen eigenen Blog vorzustellen und ganz nebenbei bekommt man auch noch ein paar andere Fotografie-Blogs zu sehen. Oh das macht bestimmt Spa\u00df! Da mach ich mit! :<!--more--><\/p>\n<p>Aber wie stelle ich jetzt meinen eigenen Foto-Blog vor? Michael hat sich auch dazu etwas einfallen lassen. Er hat 8 Fragen zusammengestellt:<\/p>\n<ul>\n<li>Ich blogge seit \u2026\u2026<\/li>\n<li>Ich blogge, weil \u2026.<\/li>\n<li>Mein fotografischer Schwerpunkt ist \u2026.<\/li>\n<li>Fotografie bedeutet f\u00fcr mich \u2026.<\/li>\n<li>Mein fotografischen Vorbilder sind \u2026<\/li>\n<li>Wenn ich das Budget f\u00fcr eine vierw\u00f6chige Foto-Reise gestellt bekommen w\u00fcrde, \u2026..<\/li>\n<li>Wenn ich eine beliebige (noch lebende) Person vor meine Kamera bitten d\u00fcrfte, w\u00e4re das \u2026.<\/li>\n<li>Wenn ich einen Einsteiger f\u00fcr die Fotografie begeistern wollte, w\u00fcrde ich als erstes \u2026.<\/li>\n<\/ul>\n<p>Na dann lege ich mal los!<\/p>\n<p><strong>Ich blogge seit<\/strong> 2011 auf meiner Webseite fast ausschlie\u00dflich zu meinen Foto-Shootings und Reisen quer \u00fcber den Erdball.<\/p>\n<p><strong><a href=\"https:\/\/www.geraldpohl.de\/wp\/2013\/nepal-eine-wundervolle-reise-geht-zu-ende\/nepal-2338\/\" rel=\"attachment wp-att-1968\"><img loading=\"lazy\" decoding=\"async\" class=\"size-medium wp-image-1968 alignleft\" src=\"https:\/\/www.geraldpohl.de\/wp\/wp-content\/uploads\/2013\/05\/nepal-2338-300x200.jpg\" alt=\"nepal-2338\" width=\"300\" height=\"200\" srcset=\"https:\/\/www.geraldpohl.de\/wp\/wp-content\/uploads\/2013\/05\/nepal-2338-300x200.jpg 300w, https:\/\/www.geraldpohl.de\/wp\/wp-content\/uploads\/2013\/05\/nepal-2338-224x150.jpg 224w, https:\/\/www.geraldpohl.de\/wp\/wp-content\/uploads\/2013\/05\/nepal-2338-1024x682.jpg 1024w, https:\/\/www.geraldpohl.de\/wp\/wp-content\/uploads\/2013\/05\/nepal-2338-624x416.jpg 624w, https:\/\/www.geraldpohl.de\/wp\/wp-content\/uploads\/2013\/05\/nepal-2338-120x80.jpg 120w, https:\/\/www.geraldpohl.de\/wp\/wp-content\/uploads\/2013\/05\/nepal-2338.jpg 1600w\" sizes=\"auto, (max-width: 300px) 100vw, 300px\" \/><\/a>Ich blogge weil<\/strong> es Spa\u00df macht anderen Menschen von meinem tollen Hobby zu erz\u00e4hlen und vielleicht auch die eine oder andere Anregung zu einem Fotoshooting oder vielleicht zu einer Reise zu geben. Einige male hat das ja bereits funktioniert und Freunde von mir sind ebenfalls nach Nepal oder ins s\u00fcdliche Afrika gereist. Oder Jemand hat mich f\u00fcr ein Fotoshooting engagiert oder ich durfte die bewegenden Momente einer Hochzeit oder des noch kleinen Nachwuchses mit meiner Kamera festhalten.<\/p>\n<p><strong><a href=\"https:\/\/www.geraldpohl.de\/wp\/2013\/das-wohnzimmer-als-foto-studio\/pink-beauty\/\" rel=\"attachment wp-att-861\"><img loading=\"lazy\" decoding=\"async\" class=\"alignleft size-full wp-image-861\" src=\"https:\/\/www.geraldpohl.de\/wp\/wp-content\/uploads\/2013\/02\/Beauty-8647-BEA.jpg\" alt=\"PINK-BEAUTY\" width=\"1600\" height=\"1067\" srcset=\"https:\/\/www.geraldpohl.de\/wp\/wp-content\/uploads\/2013\/02\/Beauty-8647-BEA.jpg 1600w, https:\/\/www.geraldpohl.de\/wp\/wp-content\/uploads\/2013\/02\/Beauty-8647-BEA-224x150.jpg 224w, https:\/\/www.geraldpohl.de\/wp\/wp-content\/uploads\/2013\/02\/Beauty-8647-BEA-300x200.jpg 300w, https:\/\/www.geraldpohl.de\/wp\/wp-content\/uploads\/2013\/02\/Beauty-8647-BEA-1024x682.jpg 1024w, https:\/\/www.geraldpohl.de\/wp\/wp-content\/uploads\/2013\/02\/Beauty-8647-BEA-624x416.jpg 624w, https:\/\/www.geraldpohl.de\/wp\/wp-content\/uploads\/2013\/02\/Beauty-8647-BEA-120x80.jpg 120w\" sizes=\"auto, (max-width: 1600px) 100vw, 1600px\" \/><\/a>Mein fotografischer Schwerpunkt<\/strong> sind eigentlich zwei Punkte: Zum einen die Reportage meiner Reisen durch fremde L\u00e4nder und Kulturen, und zum anderen die People-Fotografie.<\/p>\n<p><strong>Fotografie bedeutet f\u00fcr mich<\/strong> Emotionen und Gef\u00fchle in einem Foto oder einer Fotoreportage festzhalten. Ich m\u00f6chte den Betrachter meiner Bilder zum Tr\u00e4umen anregen. Ich bekam z.B. vor einigen Wochen eine Mail einer franz\u00f6sischen Kinderbuchautorin, die fragte, ob sie eines meiner Bilder in einem Ihrer Kinderb\u00fccher verwenden d\u00fcrfe. Das Bild hatte sie zu einer kleinen Kurzgeschichte angeregt. Das bedeutet mir sehr viel!<\/p>\n<p><strong><a href=\"https:\/\/www.geraldpohl.de\/wp\/2013\/mit-licht-und-schatten-spielen-low-key-macht-spas\/linda-8768\/\" rel=\"attachment wp-att-2030\"><img loading=\"lazy\" decoding=\"async\" class=\"alignleft size-medium wp-image-2030\" src=\"https:\/\/www.geraldpohl.de\/wp\/wp-content\/uploads\/2013\/08\/Linda-8768-200x300.jpg\" alt=\"Linda-8768\" width=\"200\" height=\"300\" srcset=\"https:\/\/www.geraldpohl.de\/wp\/wp-content\/uploads\/2013\/08\/Linda-8768-200x300.jpg 200w, https:\/\/www.geraldpohl.de\/wp\/wp-content\/uploads\/2013\/08\/Linda-8768-100x150.jpg 100w, https:\/\/www.geraldpohl.de\/wp\/wp-content\/uploads\/2013\/08\/Linda-8768-682x1024.jpg 682w, https:\/\/www.geraldpohl.de\/wp\/wp-content\/uploads\/2013\/08\/Linda-8768-624x935.jpg 624w, https:\/\/www.geraldpohl.de\/wp\/wp-content\/uploads\/2013\/08\/Linda-8768.jpg 1067w\" sizes=\"auto, (max-width: 200px) 100vw, 200px\" \/><\/a>Meine fotografischen Vorbilder sind<\/strong> nicht unbedingt die weltber\u00fchmten Fotografen. Aber unheimlich beeindruckt haben mich die Bilder der Fotografen\u00a0 von <a title=\"MagnumPhotos\" href=\"http:\/\/www.magnumphotos.com\/\" target=\"_blank\">MagumPhotos<\/a>. Die Fotografen von Magnum sind seit Jahrzenten \u00fcberall auf der Welt dabei, nicht nur wenn es darum geht zu erz\u00e4hlen, wenn irgendwo Unrecht geschieht, sondern auch um den Alltag der Menschen festzuhalten. In der People-Fotografie habe ich sehr viel von dem Fotografen <a title=\"Bredi.com\" href=\"http:\/\/bredi.com\/\" target=\"_blank\">J\u00f6rg Bredemeier<\/a> aus dem l\u00e4ndlichen Auetal gelernt. Er war der Erste, der mir den Umgang mit Studio-Blitz und nat\u00fcrlich dem Model gezeigt hat. Durch &#8222;Bredi&#8220; bin ich sozst zur People-Fotografie gekommen!<\/p>\n<p><strong>Wenn ich das Budget f\u00fcr eine vierw\u00f6chige Foto-Reise gestellt bekommen w\u00fcrde, dann w\u00fcrde<\/strong> ich durch Indien reisen und mit meiner Kamera das Leben der Inder begleiten. In nicht sehr vielen L\u00e4ndern ist die Schere zwischen Armut und Reichtum so gro\u00df wie in der gr\u00f6\u00dften Demokratie der Welt. <a href=\"https:\/\/www.geraldpohl.de\/wp\/2013\/wenn-auf-erden-die-liebe-herrschte-waren-alle-gesetze-entbehrlich\/the-rose\/\" rel=\"attachment wp-att-848\"><img loading=\"lazy\" decoding=\"async\" class=\"alignleft  wp-image-848\" src=\"https:\/\/www.geraldpohl.de\/wp\/wp-content\/uploads\/2013\/01\/Hochzeit-Virgie-Kevin-8053-Bearbeitet-300x200.jpg\" alt=\"The Rose\" width=\"340\" height=\"226\" srcset=\"https:\/\/www.geraldpohl.de\/wp\/wp-content\/uploads\/2013\/01\/Hochzeit-Virgie-Kevin-8053-Bearbeitet-300x200.jpg 300w, https:\/\/www.geraldpohl.de\/wp\/wp-content\/uploads\/2013\/01\/Hochzeit-Virgie-Kevin-8053-Bearbeitet-224x150.jpg 224w, https:\/\/www.geraldpohl.de\/wp\/wp-content\/uploads\/2013\/01\/Hochzeit-Virgie-Kevin-8053-Bearbeitet-1024x682.jpg 1024w, https:\/\/www.geraldpohl.de\/wp\/wp-content\/uploads\/2013\/01\/Hochzeit-Virgie-Kevin-8053-Bearbeitet-624x416.jpg 624w, https:\/\/www.geraldpohl.de\/wp\/wp-content\/uploads\/2013\/01\/Hochzeit-Virgie-Kevin-8053-Bearbeitet-120x80.jpg 120w, https:\/\/www.geraldpohl.de\/wp\/wp-content\/uploads\/2013\/01\/Hochzeit-Virgie-Kevin-8053-Bearbeitet.jpg 1600w\" sizes=\"auto, (max-width: 340px) 100vw, 340px\" \/><\/a>Wie sieht der Alltag der indischen Kinder in einem Slum aus? Und wieviel Spielzeug hat der Nachwuchs der Unternehmer-Familie? Wie k\u00e4mpfen die indischen Frauen um ihre Rechte und um Gerechtigkeit? Mein Traum ist es mit meinen Bildern etwas zu bewegen und vielleicht ein klitze kleines St\u00fcck die Welt verbessern \ud83d\ude42<\/p>\n<p><strong>Wenn ich eine beliebige (noch lebende) Person vor meine Kamera bitten d\u00fcrfte, w\u00e4re das<\/strong> der ehemalige Bundesminister <a title=\"Heiner Gei\u00dfler\" href=\"http:\/\/www.heiner-geissler.de\/\" target=\"_blank\">Heiner Gei\u00dfler. <\/a>Heiner Gei\u00dfler hat mich unheimlich mit seinem Buch &#8222;Ou Topos&#8220; beeindruckt. In dem Buch beschreibt der ehemalige Bundesminister wie eine gerechtere Gesellschaft aussehen k\u00f6nnte. Aber auch als Politiker ist Heiner Gei\u00dfler jemand, der seine eigene Meinung hat und diese auch vertritt. Ohne R\u00fccksicht auf einen Koalitionsvertrag oder den Fraktionszwang. Vielleicht mag er ja mit mir nach Indien kommen? \ud83d\ude42<\/p>\n<p><strong><a href=\"https:\/\/www.geraldpohl.de\/wp\/portfolio\/artefakte\/catching-dreams\/\" rel=\"attachment wp-att-519\"><img loading=\"lazy\" decoding=\"async\" class=\"alignleft size-medium wp-image-519\" src=\"https:\/\/www.geraldpohl.de\/wp\/wp-content\/uploads\/2012\/08\/geraldpohl.de-1208-200x300.jpg\" alt=\"Catching Dreams\" width=\"200\" height=\"300\" srcset=\"https:\/\/www.geraldpohl.de\/wp\/wp-content\/uploads\/2012\/08\/geraldpohl.de-1208-200x300.jpg 200w, https:\/\/www.geraldpohl.de\/wp\/wp-content\/uploads\/2012\/08\/geraldpohl.de-1208-100x150.jpg 100w, https:\/\/www.geraldpohl.de\/wp\/wp-content\/uploads\/2012\/08\/geraldpohl.de-1208-682x1024.jpg 682w, https:\/\/www.geraldpohl.de\/wp\/wp-content\/uploads\/2012\/08\/geraldpohl.de-1208.jpg 1067w\" sizes=\"auto, (max-width: 200px) 100vw, 200px\" \/><\/a>Wenn ich einen Einsteiger f\u00fcr die Fotografie begeistern wollte, w\u00fcrde ich als erstes<\/strong> von den vielen tollen Menschen erz\u00e4hlen, die ich durch die Fotografie kennengelernt habe. Nicht Wenige sind mittlerweile sehr enge Freunde von mir geworden. Fotografie macht einfach Spa\u00df und bringt die Menschen zum Lachen. Aber auch zum Nachdenken.<\/p>\n<p>&nbsp;<\/p>\n<p>Und dieses sind die anderen 100 Fotografie Blogs:<\/p>\n<table id=\"AutoNumber1\" style=\"border-collapse: collapse;\" border=\"1\" width=\"100%\" cellspacing=\"0\" cellpadding=\"0\">\n<tbody>\n<tr>\n<td width=\"33%\"><\/td>\n<td width=\"33%\"><\/td>\n<td width=\"34%\"><\/td>\n<\/tr>\n<tr>\n<td width=\"33%\"><a href=\"http:\/\/celloarmstrong.com\/#\/?p=958\" target=\"_blank\">Cello Armstrong<\/a><\/td>\n<td width=\"33%\"><a href=\"http:\/\/www.holger-hackenjos.com\/prasentation-blog\" target=\"_blank\">Holger Hackenjos<\/a><\/td>\n<td width=\"34%\"><a href=\"http:\/\/salomon-fotografie.de\/fotografie-blog-buehne\/\" target=\"_blank\" rel=\"nofollow\">Salomon<\/a><\/td>\n<\/tr>\n<tr>\n<td width=\"33%\"><a href=\"http:\/\/blog.magistus.de\/2014\/02\/12\/aktion-fotografie-blog-buhne\/\" target=\"_blank\">Magistus<\/a><\/td>\n<td width=\"33%\"><a href=\"http:\/\/matthiasschwarze-fotografie.de\/fotografr-fotografie-blogbuehne\/\" target=\"_blank\">Matthias Schwarze<\/a><\/td>\n<td width=\"34%\"><a href=\"http:\/\/fomatt.de\/fotografie-blog-buehne\/\" target=\"_blank\">Fomatt<\/a><\/td>\n<\/tr>\n<tr>\n<td width=\"33%\"><a href=\"http:\/\/www.photosteiner.com\/blog\/2014\/02\/in-eigener-sache\/\" target=\"_blank\">Peter Steiner<\/a><\/td>\n<td width=\"33%\"><a href=\"http:\/\/www.florianeisermann.tv\/allgemein\/fotografie-blog-buehne\/\" target=\"_blank\">Florian Eisermann<\/a><\/td>\n<td width=\"34%\"><a href=\"http:\/\/www.veb-bildwerk.de\/blog\/2014\/02\/veb-on-stage\/\" target=\"_blank\">VEB Bildwerk<\/a><\/td>\n<\/tr>\n<tr>\n<td width=\"33%\"><a href=\"http:\/\/canicasworld.blogspot.de\/2014\/02\/fotografr.html\" target=\"_blank\">Canica<\/a><\/td>\n<td width=\"33%\"><a href=\"http:\/\/toalution.com\/2014\/02\/05\/fotografie-blog-buehne\/\" target=\"_blank\">Toalution<\/a><\/td>\n<td width=\"34%\"><a href=\"http:\/\/www.podelwitzer.de\/index.php?\/essays\/2014\/01\/mein-fotoblog\/\" target=\"_blank\">Podelwitzer<\/a><\/td>\n<\/tr>\n<tr>\n<td width=\"33%\"><a href=\"http:\/\/www.ronnylorenz.com\/2014\/03\/aktion-fotografie-blog-buehne-mein-blog\/#\" target=\"_blank\">Ronny Lorenz<\/a><\/td>\n<td width=\"33%\"><a href=\"http:\/\/zwei-fotografen.de\/fotografie-blog-buehne-stock-foto-blog\/\" target=\"_blank\">Zwei Fotografen<\/a><\/td>\n<td width=\"34%\"><a href=\"http:\/\/anablog.steven.at\/fotografie-blog-buehne\/\" target=\"_blank\">Anablog<\/a><\/td>\n<\/tr>\n<tr>\n<td width=\"33%\"><a href=\"http:\/\/blognotiz.de\/buehne-frei-fuer-alle-fotografie-blogger\/\" target=\"_blank\">Blognotiz<\/a><\/td>\n<td width=\"33%\"><a href=\"http:\/\/foto2014.wordpress.com\/eine-seite\/fotografie-blog-buhne\/\" target=\"_blank\">Foto2014<\/a><\/td>\n<td width=\"34%\"><a href=\"http:\/\/www.digitaler-augenblick.de\/mein-beitrag-fuer-die-fotografie-blog-buehne\/\" target=\"_blank\">Digitaler Augenblick<\/a><\/td>\n<\/tr>\n<tr>\n<td width=\"33%\"><a href=\"http:\/\/besserefotos.wordpress.com\/2014\/03\/02\/blog-vorstellung-besserefotos-wordpress-com\/\" target=\"_blank\">Bessere Fotos<\/a><\/td>\n<td width=\"33%\"><a href=\"http:\/\/buntscheck.wordpress.com\/2014\/03\/02\/fotografie-blog-buhne\/\" target=\"_blank\">Buntscheck<\/a><\/td>\n<td width=\"34%\"><a href=\"http:\/\/ewelt.org\/blog\/2014\/02\/blogprasentation\/\" target=\"_blank\">ewelt<\/a><\/td>\n<\/tr>\n<tr>\n<td width=\"33%\"><a href=\"http:\/\/www.khphoto.de\/blog\/2014\/3\/fotografie-blog-b-hne-mein-foto-blog\" target=\"_blank\">Knut Haberkant<\/a><\/td>\n<td width=\"33%\"><a href=\"http:\/\/blog.julius-ise.de\/fotografie-blog-buehne\/\" target=\"_blank\">Julius Ise<\/a><\/td>\n<td width=\"34%\"><a href=\"http:\/\/www.photo-entdecker.de\/2014\/02\/28\/fotografie-blog-b%C3%BChne\/\" target=\"_blank\">Photo-Entdecker<\/a><\/td>\n<\/tr>\n<tr>\n<td width=\"33%\"><a href=\"http:\/\/sauerundessig.de\/2014\/03\/03\/warum-hochzeiten-und-portraets-fotografieren-und-darueber-bloggen\/\" target=\"_blank\">Sauer und Essig<\/a><\/td>\n<td width=\"33%\"><a href=\"http:\/\/www.farino.de\/2014\/03\/mein-fotoblog\/\" target=\"_blank\">Boris Mehl<\/a><\/td>\n<td width=\"34%\"><a href=\"http:\/\/fbtde.wordpress.com\/2014\/03\/02\/ein-stockchen-ich-uber-mich\/\" target=\"_blank\">Wortvision<\/a><\/td>\n<\/tr>\n<tr>\n<td width=\"33%\"><a href=\"https:\/\/photofee.wordpress.com\/\" rel=\"nofollow\">Photofee<\/a><\/td>\n<td width=\"33%\"><a href=\"http:\/\/fotografie-linn.de\/fotografie-blog-buhne\/\" target=\"_blank\">Fotografie Linn<\/a><\/td>\n<td width=\"34%\"><a href=\"http:\/\/www.matze-man.de\/allgemein\/buehne-frei-fuer-die-fotografr-de-fotografie-blog-buehne\/\" target=\"_blank\">Matze Man<\/a><\/td>\n<\/tr>\n<tr>\n<td width=\"33%\"><a href=\"http:\/\/jafa-fotografie.de\/fotografie-blog-buehne\" target=\"_blank\">Jafa<\/a><\/td>\n<td width=\"33%\"><a href=\"http:\/\/www.takkiwrites.com\/fotografie-blog-buehne\/\" target=\"_blank\">Birgit-Cathrin Duval<\/a><\/td>\n<td width=\"34%\"><a href=\"http:\/\/ernst1980.de\/aktion-fotografie-blog-buehne\/\" target=\"_blank\" rel=\"nofollow\">Christian Ernst<\/a><\/td>\n<\/tr>\n<tr>\n<td width=\"33%\"><a href=\"http:\/\/www.mathiasschrickel.de\/blog\/2014\/02\/fotografie-blog-buehne\/\" target=\"_blank\">Mathias Schrickel<\/a><\/td>\n<td width=\"33%\"><a href=\"http:\/\/redeyeimages.blogspot.de\/2014\/02\/fotografie-blog-buhne.html\" target=\"_blank\">Redeye Images<\/a><\/td>\n<td width=\"34%\"><a href=\"http:\/\/www.jpostl.at\/wp\/?p=1225\" target=\"_blank\">jpostl<\/a><\/td>\n<\/tr>\n<tr>\n<td width=\"33%\"><a href=\"http:\/\/www.akirafotografie.de\/blog\/mein-blog-und-ich\/\" target=\"_blank\">Akira<\/a><\/td>\n<td width=\"33%\"><a href=\"http:\/\/www.jap-fotografie.de\/die-fotografie-blog-buehne\/\" target=\"_blank\">Jascha Pansch<\/a><\/td>\n<td width=\"34%\"><a href=\"http:\/\/kamerakunde.de\/was-ist-kamerakunde\/\" target=\"_blank\">Kamerakunde<\/a><\/td>\n<\/tr>\n<tr>\n<td width=\"33%\"><a href=\"http:\/\/fotoswortlos.blogspot.de\/2014\/01\/vorstellung-bei-der.html\" target=\"_blank\">Jutta K.<\/a><\/td>\n<td width=\"33%\"><a href=\"http:\/\/www.andreas-fotoblog.de\/fotografie-blog-buehne\/1323\" target=\"_blank\">Andreas Bender<\/a><\/td>\n<td width=\"34%\"><a href=\"http:\/\/tf-photo.blogspot.de\/2014\/02\/die-fotografie-blog-buhne.html\" target=\"_blank\">Timon F\u00f6rst<\/a><\/td>\n<\/tr>\n<tr>\n<td width=\"33%\"><a href=\"http:\/\/blog.diefotofabrik.de\/fotografie-blog-buehne\/\" target=\"_blank\">Fotofabrik<\/a><\/td>\n<td width=\"33%\"><a href=\"http:\/\/macingosh.com\/2014\/01\/31\/fotografie-blog-buhne\/\" target=\"_blank\">macingosh<\/a><\/td>\n<td width=\"34%\"><a href=\"http:\/\/www.spuelbeck.net\/hundert-wochen\/\" target=\"_blank\">Spuelbeck Photography<\/a><\/td>\n<\/tr>\n<tr>\n<td width=\"33%\"><a href=\"http:\/\/jantotrappe.de\/blog\/fotografie-blog-buehne.html\" target=\"_blank\">Janto Trappe<\/a><\/td>\n<td width=\"33%\"><a href=\"http:\/\/www.christianschorn.com\/2014\/02\/01\/vorhang-auf-f%C3%BCr-15-minuten-ruhm\/\" target=\"_blank\">Christian Schorn<\/a><\/td>\n<td width=\"34%\"><a href=\"http:\/\/www.knighthouse.eu\/warum-blogge-ich\/\" target=\"_blank\">Knighthouse<\/a><\/td>\n<\/tr>\n<tr>\n<td width=\"33%\"><a href=\"http:\/\/halsnerblog.bplaced.net\/fotografie-blog-buehne\/\" target=\"_blank\">Bernd Halsner<\/a><\/td>\n<td width=\"33%\"><a href=\"http:\/\/baba-fotografie.de\/buehne-frei-bei-fotografr-de\/\" target=\"_blank\">Baba Fotografie<\/a><\/td>\n<td width=\"34%\"><a href=\"http:\/\/www.bhoffmeier.de\/2014\/02\/02\/fotografie-blog-buehne\/\" target=\"_blank\">Bernd Hoffmeier<\/a><\/td>\n<\/tr>\n<tr>\n<td width=\"33%\"><a href=\"http:\/\/www.florianberger.com\/fotografie-blog-buehne-von-www-fotografr-de\/\" target=\"_blank\">Florian Berger<\/a><\/td>\n<td width=\"33%\"><a href=\"http:\/\/www.ckiessler.de\/wordpress\/2014\/01\/26\/fotografie-blog-buehne\/\" target=\"_blank\">Carsten Kiessler<\/a><\/td>\n<td width=\"34%\"><a href=\"http:\/\/throughmyeye.de\/blog-vorstellung\/\" target=\"_blank\">Through my eye<\/a><\/td>\n<\/tr>\n<tr>\n<td width=\"33%\"><a href=\"http:\/\/www.blendwerk-freiburg.de\/2014\/01\/blog-buehne-bei-fotografr-de\/\" target=\"_blank\">Blendwerk Freiburg<\/a><\/td>\n<td width=\"33%\"><a href=\"http:\/\/www.raschfoto.de\/blog\/fotografie-blog-buhne.html\" target=\"_blank\">Ralf Schmitz<\/a><\/td>\n<td width=\"34%\"><a href=\"http:\/\/www.blende1977.de\/blog\/2014\/1\/fotografie-blog-b-hne-blog-von-blende1977\" target=\"_blank\">Markus Schneider<\/a><\/td>\n<\/tr>\n<tr>\n<td width=\"33%\"><a href=\"http:\/\/www.oneglimpse.de\/blickwinkel\/one-glimpse-buehnentauglich\/\" target=\"_blank\">One Glimpse<\/a><\/td>\n<td width=\"33%\"><a href=\"http:\/\/www.fischerpix.com\/foto-blog-perlen-am-stueck-bei-fotografr\/\" target=\"_blank\">Fischer Pix<\/a><\/td>\n<td width=\"34%\"><a href=\"http:\/\/blog.beste-momente.de\/blogbuehne\/\" target=\"_blank\">Marco Fechner<\/a><\/td>\n<\/tr>\n<tr>\n<td width=\"33%\"><a href=\"http:\/\/blickwinkel-blog.blogspot.de\/2014\/01\/fotografr-fotografie-blog-buhne.html\" target=\"_blank\">Blickwinkel<\/a><\/td>\n<td width=\"33%\"><a href=\"http:\/\/www.wjst.de\/gallery\/index.php?mode=s&amp;pic=..\/blog\/luminance\/2014\/01\/blog-vorstellung\/\" target=\"_blank\">Matthias Wjst<\/a><\/td>\n<td width=\"34%\"><a href=\"http:\/\/mainzauber.de\/i2013\/2014\/01\/blogvorstellung\/\" target=\"_blank\">Mainzauber<\/a><\/td>\n<\/tr>\n<tr>\n<td width=\"33%\"><a href=\"http:\/\/www.thliers.blogspot.de\/2014\/01\/blogvorstellung-bei-fotografr.html\" target=\"_blank\">Thorsten Liers<\/a><\/td>\n<td width=\"33%\"><a href=\"http:\/\/www.traumweltenbummler.de\/2014\/01\/25\/die-fotografie-und-ich\/\" target=\"_blank\">Traumweltenbummler<\/a><\/td>\n<td width=\"34%\"><a href=\"http:\/\/fotoblog-reiseberichte.de\/die-fotoblog-buehne-vom-fotografr\/\" target=\"_blank\">Jens Koopmann<\/a><\/td>\n<\/tr>\n<tr>\n<td width=\"33%\"><a href=\"http:\/\/jko-photo.de\/main\/archive\/3938\" target=\"_blank\">Jan Klug-Offermann<\/a><\/td>\n<td width=\"33%\"><a href=\"http:\/\/wupperseiten.de\/bloggender-fotograf-oder-fotografierender-blogger-journalist-oder-lokalist\/\" target=\"_blank\">Wupperseiten<\/a><\/td>\n<td width=\"34%\"><a href=\"http:\/\/www.omori.de\/news\" target=\"_blank\">Omori News<\/a><\/td>\n<\/tr>\n<tr>\n<td width=\"33%\"><a href=\"http:\/\/peberhardt.net\/blog\/foto-blog-buehne\" target=\"_blank\">Peter Eberhardt<\/a><\/td>\n<td width=\"33%\"><a href=\"http:\/\/www.picstah.de\/picstah-auf-der-fotografie-blog-buehne\/\" target=\"_blank\">Picstah<\/a><\/td>\n<td width=\"34%\"><a href=\"http:\/\/foto-paletti.de\/allgemein\/vorhang-auf-blogbuehne-frei\/\" target=\"_blank\">Foto-Paletti<\/a><\/td>\n<\/tr>\n<tr>\n<td width=\"33%\"><a href=\"http:\/\/blitzdings.info\/2014\/01\/fotografie-blog-buehne\/\" target=\"_blank\">Blitzdings<\/a><\/td>\n<td width=\"33%\"><a href=\"http:\/\/www.hiacyntajelen.de\/blog-buehne\/\" target=\"_blank\">Hiacynta Jelen<\/a><\/td>\n<td width=\"34%\"><a href=\"http:\/\/www.fotografr.de\/18000\/mein-eigener-beitrag-zur-fotografieblog-buehne\/\" target=\"_blank\">Fotografr<\/a><\/td>\n<\/tr>\n<tr>\n<td width=\"33%\"><a href=\"http:\/\/fotoblog.viktor-dite.de\/allerwelt\/deutsche-fotografie-blog-buehne\" target=\"_blank\">Viktor Dite<\/a><\/td>\n<td width=\"33%\"><a href=\"http:\/\/www.haukejuergens.de\/fotografie-blog-buehne\/\" target=\"_blank\">Hauke J\u00fcrgens<\/a><\/td>\n<td width=\"34%\"><a href=\"http:\/\/www.felixmayr.com\/blog\/fotografie-blog-buhne\/\" target=\"_blank\">Felix Mayr<\/a><\/td>\n<\/tr>\n<tr>\n<td width=\"33%\"><a href=\"http:\/\/www.solaner.eu\/blog\/2014\/01\/24\/licht-aus-spot\/\" target=\"_blank\">Solaner<\/a><\/td>\n<td width=\"33%\"><a href=\"http:\/\/jayniusphotography.wordpress.com\/2014\/01\/24\/fotografie-blog-buhne-fotografr-de\/\" target=\"_blank\">Jaynius<\/a><\/td>\n<td width=\"34%\"><a href=\"https:\/\/photoso.eu\/2014\/fotografie-blog-buehne\/\">Photoso<\/a><\/td>\n<\/tr>\n<tr>\n<td width=\"33%\"><a href=\"http:\/\/theissen-hobby-fotografie.blogspot.nl\/2014\/01\/fotografieblogbuhne.html\" target=\"_blank\">Tim Theissen<\/a><\/td>\n<td width=\"33%\"><a href=\"http:\/\/blog.michaelliebert.com\/?p=935\" target=\"_blank\">Michael Liebert<\/a><\/td>\n<td width=\"34%\"><a href=\"http:\/\/www.christianahrens.de\/fotografr-de-laedt-ein-zur-fotografie-blog-buehne\/\" target=\"_blank\">Christian Ahrens<\/a><\/td>\n<\/tr>\n<tr>\n<td width=\"33%\"><a href=\"http:\/\/blog.lichttraeumer.de\/index.php\/2014\/01\/24\/im-rampenlicht\/\" target=\"_blank\">Lichttr\u00e4umer<\/a><\/td>\n<td width=\"33%\"><a href=\"http:\/\/blog.axel-foto.de\/2014\/01\/23\/fotografie-blog-buhne-auf-fotografr\/\" target=\"_blank\">Axel-Foto<\/a><\/td>\n<td width=\"34%\"><a href=\"http:\/\/taspp.wordpress.com\/2014\/01\/24\/fotografie-blog-buhne\/\" target=\"_blank\">TASPP<\/a><\/td>\n<\/tr>\n<tr>\n<td width=\"33%\"><a href=\"http:\/\/robertlemm.com\/2014\/01\/fotografie-blog-buehne\/\" target=\"_blank\">Robert Lemm<\/a><\/td>\n<td width=\"33%\"><a href=\"http:\/\/so-der.de\/2014\/02\/buehne-fotografr-de\/\" target=\"_blank\">Christian Palm<\/a><\/td>\n<td width=\"34%\"><a href=\"http:\/\/thomashaasefoto.de\/?p=729\" target=\"_blank\">Thomas Haase<\/a><\/td>\n<\/tr>\n<tr>\n<td width=\"33%\"><a href=\"http:\/\/mbergner-foto.de\/fotografie-blog-buhne-mein-beitrag\/\" target=\"_blank\">Luziferian<\/a><\/td>\n<td width=\"33%\"><a href=\"http:\/\/juergenadler.jimdo.com\/2014\/01\/27\/darf-ich-vorstellen-mein-blog-f%C3%BCr-die-fotografie-blog-b%C3%BChne-vom-fotografr\/\" target=\"_blank\">J\u00fcrgen Adler<\/a><\/td>\n<td width=\"34%\"><a href=\"http:\/\/retrocameracs.wordpress.com\/2014\/02\/14\/fotografie-blog-buhne\/\" target=\"_blank\">RetroCamera<\/a><\/td>\n<\/tr>\n<tr>\n<td width=\"33%\"><a href=\"https:\/\/www.geraldpohl.de\/wp\/2014\/fotografie-blog-buehne\/\" target=\"_blank\">Gerald Pohl<\/a><\/td>\n<td width=\"33%\"><a href=\"http:\/\/ev-photo.de\/live-on-stage-bei-fotografr\/\" target=\"_blank\">ev-photo<\/a><\/td>\n<td width=\"34%\"><\/td>\n<\/tr>\n<tr>\n<td width=\"33%\"><a href=\"http:\/\/www.deeblog.de\/ein-beitrag-zur-fotografie-blog-buhne\/\" target=\"_blank\">Deeblog<\/a><\/td>\n<td width=\"33%\"><a href=\"http:\/\/joonu.de\/mein-beitrag-zur-aktion-fotografie-blog-buehne\/\" target=\"_blank\">Joonu<\/a><\/td>\n<\/tr>\n<\/tbody>\n<\/table>\n","protected":false},"excerpt":{"rendered":"<p>Ich bin regelm\u00e4\u00dfiger Leser des Fotografie-Blogs &#8222;FOTOGRAFR&#8220; von Michael Omori Kirchner. Vor ein paar Tagen startete Michael bereits zum zweiten Mal eine tolle Aktion: &#8222;Fotografie-Blog-B\u00fchne&#8220; Was ist denn das? Wie funktioniert das?\u00a0 Was muss man da machen? es darum seinen eigenen Blog vorzustellen und ganz nebenbei bekommt man auch noch ein paar andere Fotografie-Blogs zu [&hellip;]<\/p>\n","protected":false},"author":3,"featured_media":0,"comment_status":"closed","ping_status":"open","sticky":false,"template":"","format":"standard","meta":{"ngg_post_thumbnail":0,"footnotes":"","_share_on_mastodon":"0"},"categories":[8],"tags":[668,521,197,434,523,19,516,518,517,674,519,520,522,484],"class_list":{"0":"post-2338","1":"post","2":"type-post","3":"status-publish","4":"format-standard","6":"category-shooting","7":"tag-aktion","8":"tag-baby","9":"tag-berlin-2","10":"tag-blog","11":"tag-emotion","12":"tag-foto","13":"tag-fotografr","14":"tag-geissler","15":"tag-heiner","16":"tag-hochzeit","17":"tag-indien","18":"tag-magnum","19":"tag-moment","20":"tag-reisen-2","21":"czr-hentry"},"share_on_mastodon":{"url":"","error":""},"_links":{"self":[{"href":"https:\/\/www.geraldpohl.de\/wp\/wp-json\/wp\/v2\/posts\/2338","targetHints":{"allow":["GET"]}}],"collection":[{"href":"https:\/\/www.geraldpohl.de\/wp\/wp-json\/wp\/v2\/posts"}],"about":[{"href":"https:\/\/www.geraldpohl.de\/wp\/wp-json\/wp\/v2\/types\/post"}],"author":[{"embeddable":true,"href":"https:\/\/www.geraldpohl.de\/wp\/wp-json\/wp\/v2\/users\/3"}],"replies":[{"embeddable":true,"href":"https:\/\/www.geraldpohl.de\/wp\/wp-json\/wp\/v2\/comments?post=2338"}],"version-history":[{"count":0,"href":"https:\/\/www.geraldpohl.de\/wp\/wp-json\/wp\/v2\/posts\/2338\/revisions"}],"wp:attachment":[{"href":"https:\/\/www.geraldpohl.de\/wp\/wp-json\/wp\/v2\/media?parent=2338"}],"wp:term":[{"taxonomy":"category","embeddable":true,"href":"https:\/\/www.geraldpohl.de\/wp\/wp-json\/wp\/v2\/categories?post=2338"},{"taxonomy":"post_tag","embeddable":true,"href":"https:\/\/www.geraldpohl.de\/wp\/wp-json\/wp\/v2\/tags?post=2338"}],"curies":[{"name":"wp","href":"https:\/\/api.w.org\/{rel}","templated":true}]}}